{"id":7916,"date":"2025-07-06T10:40:03","date_gmt":"2025-07-06T08:40:03","guid":{"rendered":"https:\/\/cegtt.fr\/?p=7916"},"modified":"2025-07-06T12:11:57","modified_gmt":"2025-07-06T10:11:57","slug":"7916","status":"publish","type":"post","link":"https:\/\/cegtt.fr\/?p=7916","title":{"rendered":"Anne et Aurore"},"content":{"rendered":"<div class=\"html-div xdj266r x14z9mp xat24cr x1lziwak xexx8yu xyri2b x18d9i69 x1c1uobl\" dir=\"auto\">\n<div class=\"html-div xdj266r x14z9mp xat24cr x1lziwak xexx8yu xyri2b x18d9i69 x1c1uobl\" data-ad-rendering-role=\"story_message\">\n<div id=\"_r_j_\" class=\"x1l90r2v x1iorvi4 x1g0dm76 xpdmqnj\" data-ad-comet-preview=\"message\" data-ad-preview=\"message\">\n<div class=\"x78zum5 xdt5ytf xz62fqu x16ldp7u\">\n<div class=\"xu06os2 x1ok221b\">\n<div class=\"html-div xdj266r x14z9mp xat24cr x1lziwak xexx8yu xyri2b x18d9i69 x1c1uobl\">\n<div class=\"xdj266r x14z9mp xat24cr x1lziwak x1vvkbs x126k92a\">\n<div dir=\"auto\">La saison sportive 2024-2025 s&rsquo;est achev\u00e9e\u00a0 par une belle quatri\u00e8me place de notre \u00e9quipe de Coupe f\u00e9minine, port\u00e9e par <strong>A<\/strong>nne et <strong>A<\/strong>urore.<\/div>\n<div dir=\"auto\">Il para\u00eetrait que l&rsquo;ann\u00e9e prochaine le CEGTT compte engager une deuxi\u00e8me \u00e9quipe dans cette \u00e9preuve&#8230; Les f\u00e9minines en force en 2026 !<\/div>\n<div dir=\"auto\">\n<table style=\"border-collapse: collapse; width: 100%;\">\n<tbody>\n<tr>\n<td style=\"width: 45%;\"><img loading=\"lazy\" decoding=\"async\" class=\"wp-image-7925 size-large aligncenter\" src=\"https:\/\/cegtt.fr\/wp-content\/uploads\/2025\/07\/AnneetAurore-378x480.jpg\" alt=\"\" width=\"378\" height=\"480\" srcset=\"https:\/\/cegtt.fr\/wp-content\/uploads\/2025\/07\/AnneetAurore-378x480.jpg 378w, https:\/\/cegtt.fr\/wp-content\/uploads\/2025\/07\/AnneetAurore-237x300.jpg 237w, https:\/\/cegtt.fr\/wp-content\/uploads\/2025\/07\/AnneetAurore.jpg 440w\" sizes=\"auto, (max-width: 378px) 100vw, 378px\" \/><\/td>\n<\/tr>\n<\/tbody>\n<\/table>\n<\/div>\n<\/div>\n<\/div>\n<\/div>\n<\/div>\n<\/div>\n<\/div>\n<\/div>\n","protected":false},"excerpt":{"rendered":"<p>La saison sportive 2024-2025 s&rsquo;est achev\u00e9e\u00a0 par une belle quatri\u00e8me place de notre \u00e9quipe de Coupe f\u00e9minine, port\u00e9e par Anne et Aurore. Il para\u00eetrait que l&rsquo;ann\u00e9e prochaine le CEGTT compte engager une deuxi\u00e8me \u00e9quipe dans cette \u00e9preuve&#8230; Les f\u00e9minines en force en 2026 !<\/p>\n","protected":false},"author":3,"featured_media":0,"comment_status":"open","ping_status":"closed","sticky":false,"template":"","format":"standard","meta":{"footnotes":""},"categories":[8],"tags":[],"class_list":["post-7916","post","type-post","status-publish","format-standard","hentry","category-le-club"],"_links":{"self":[{"href":"https:\/\/cegtt.fr\/index.php?rest_route=\/wp\/v2\/posts\/7916","targetHints":{"allow":["GET"]}}],"collection":[{"href":"https:\/\/cegtt.fr\/index.php?rest_route=\/wp\/v2\/posts"}],"about":[{"href":"https:\/\/cegtt.fr\/index.php?rest_route=\/wp\/v2\/types\/post"}],"author":[{"embeddable":true,"href":"https:\/\/cegtt.fr\/index.php?rest_route=\/wp\/v2\/users\/3"}],"replies":[{"embeddable":true,"href":"https:\/\/cegtt.fr\/index.php?rest_route=%2Fwp%2Fv2%2Fcomments&post=7916"}],"version-history":[{"count":6,"href":"https:\/\/cegtt.fr\/index.php?rest_route=\/wp\/v2\/posts\/7916\/revisions"}],"predecessor-version":[{"id":7928,"href":"https:\/\/cegtt.fr\/index.php?rest_route=\/wp\/v2\/posts\/7916\/revisions\/7928"}],"wp:attachment":[{"href":"https:\/\/cegtt.fr\/index.php?rest_route=%2Fwp%2Fv2%2Fmedia&parent=7916"}],"wp:term":[{"taxonomy":"category","embeddable":true,"href":"https:\/\/cegtt.fr\/index.php?rest_route=%2Fwp%2Fv2%2Fcategories&post=7916"},{"taxonomy":"post_tag","embeddable":true,"href":"https:\/\/cegtt.fr\/index.php?rest_route=%2Fwp%2Fv2%2Ftags&post=7916"}],"curies":[{"name":"wp","href":"https:\/\/api.w.org\/{rel}","templated":true}]}}